{"id":3654,"date":"2022-06-01T13:48:30","date_gmt":"2022-06-01T11:48:30","guid":{"rendered":"https:\/\/www.elsomniproduccions.com\/2022\/06\/01\/aixo-no-es-un-mapa-copy\/"},"modified":"2022-06-01T13:49:43","modified_gmt":"2022-06-01T11:49:43","slug":"esto-no-es-un-mapa","status":"publish","type":"post","link":"https:\/\/www.elsomniproduccions.com\/es\/2022\/06\/01\/esto-no-es-un-mapa\/","title":{"rendered":"ESTO NO ES UN MAPA"},"content":{"rendered":"<p>Tras estrenarse el pasado mes de marzo, durante el mes de junio vuelven las funciones de Esto no es un mapa, una pieza de teatro breve escrita por Aina de Cos, dirigida por Marta Aran e interpretada por Aina de Cos y Lucia S\u00e1nchez.<\/p>\n<p>Durante cuatro d\u00e9cadas, Ana Orantes intent\u00f3 escapar de su situaci\u00f3n muchas veces, fue a la polic\u00eda e intent\u00f3 divorciarse. Pero viv\u00eda en Espa\u00f1a, donde, al igual que en el resto de Europa, no exist\u00edan leyes que protegieran a las mujeres de la violencia dom\u00e9stica.<\/p>\n<p>Su divorcio fue finalmente concedido en el a\u00f1o 1996. El a\u00f1o siguiente, Orantes super\u00f3 sus miedos y sali\u00f3 en televisi\u00f3n para hablar del abuso que hab\u00eda sufrido. Trece d\u00edas m\u00e1s tarde, fue asesinada por su marido de una forma tan cruel que hoy en d\u00eda la gente sigue recordando su caso.<\/p>\n<p>Podr\u00e9is ver este homenaje a la figura de Ana Orantes, que cuenta con el apoyo de la Direcci\u00f3n Insular de Igualdad del Consell de Mallorca, los siguientes d\u00edas:<\/p>\n<p>\ud83d\udccd Binissalem |\ud83d\udcc6 Jueves 2 de junio |\ud83d\udd56 19h<\/p>\n<p>\ud83d\udccd Puigpunyent |\ud83d\udcc6 Viernes 10 de junio |\ud83d\udd56 20h<\/p>\n<p>Encontrar\u00e9is toda la informaci\u00f3n en la agenda de esta p\u00e1gina web y en nuestras redes sociales. \u00a1No dej\u00e9is de seguirnos!<\/p>\n<p><img loading=\"lazy\" decoding=\"async\" class=\"size-medium wp-image-3640 aligncenter\" src=\"https:\/\/www.elsomniproduccions.com\/wp-content\/uploads\/2022\/05\/PUIGPUNYENT-212x300.jpg\" alt=\"\" width=\"212\" height=\"300\" srcset=\"https:\/\/www.elsomniproduccions.com\/wp-content\/uploads\/2022\/05\/PUIGPUNYENT-212x300.jpg 212w, https:\/\/www.elsomniproduccions.com\/wp-content\/uploads\/2022\/05\/PUIGPUNYENT-724x1024.jpg 724w, https:\/\/www.elsomniproduccions.com\/wp-content\/uploads\/2022\/05\/PUIGPUNYENT.jpg 1587w\" sizes=\"auto, (max-width: 212px) 100vw, 212px\" \/> <img loading=\"lazy\" decoding=\"async\" class=\"size-medium wp-image-3637 aligncenter\" src=\"https:\/\/www.elsomniproduccions.com\/wp-content\/uploads\/2022\/05\/BINISSALEM-1-212x300.jpg\" alt=\"\" width=\"212\" height=\"300\" srcset=\"https:\/\/www.elsomniproduccions.com\/wp-content\/uploads\/2022\/05\/BINISSALEM-1-212x300.jpg 212w, https:\/\/www.elsomniproduccions.com\/wp-content\/uploads\/2022\/05\/BINISSALEM-1-724x1024.jpg 724w, https:\/\/www.elsomniproduccions.com\/wp-content\/uploads\/2022\/05\/BINISSALEM-1.jpg 1587w\" sizes=\"auto, (max-width: 212px) 100vw, 212px\" \/><\/p>\n","protected":false},"excerpt":{"rendered":"<p>Tras estrenarse el pasado mes de marzo, durante el mes de junio vuelven las funciones de Esto no es un mapa, una pieza de teatro breve escrita por Aina de Cos, dirigida por Marta Aran e interpretada por Aina de Cos y Lucia S\u00e1nchez. Durante cuatro d\u00e9cadas, Ana Orantes intent\u00f3 escapar de su situaci\u00f3n muchas&#8230;<\/p>\n","protected":false},"author":3,"featured_media":3651,"comment_status":"closed","ping_status":"closed","sticky":false,"template":"","format":"standard","meta":{"_acf_changed":false,"footnotes":""},"categories":[24],"tags":[],"class_list":["post-3654","post","type-post","status-publish","format-standard","has-post-thumbnail","hentry","category-noticias"],"acf":[],"_links":{"self":[{"href":"https:\/\/www.elsomniproduccions.com\/es\/wp-json\/wp\/v2\/posts\/3654","targetHints":{"allow":["GET"]}}],"collection":[{"href":"https:\/\/www.elsomniproduccions.com\/es\/wp-json\/wp\/v2\/posts"}],"about":[{"href":"https:\/\/www.elsomniproduccions.com\/es\/wp-json\/wp\/v2\/types\/post"}],"author":[{"embeddable":true,"href":"https:\/\/www.elsomniproduccions.com\/es\/wp-json\/wp\/v2\/users\/3"}],"replies":[{"embeddable":true,"href":"https:\/\/www.elsomniproduccions.com\/es\/wp-json\/wp\/v2\/comments?post=3654"}],"version-history":[{"count":1,"href":"https:\/\/www.elsomniproduccions.com\/es\/wp-json\/wp\/v2\/posts\/3654\/revisions"}],"predecessor-version":[{"id":3655,"href":"https:\/\/www.elsomniproduccions.com\/es\/wp-json\/wp\/v2\/posts\/3654\/revisions\/3655"}],"wp:featuredmedia":[{"embeddable":true,"href":"https:\/\/www.elsomniproduccions.com\/es\/wp-json\/wp\/v2\/media\/3651"}],"wp:attachment":[{"href":"https:\/\/www.elsomniproduccions.com\/es\/wp-json\/wp\/v2\/media?parent=3654"}],"wp:term":[{"taxonomy":"category","embeddable":true,"href":"https:\/\/www.elsomniproduccions.com\/es\/wp-json\/wp\/v2\/categories?post=3654"},{"taxonomy":"post_tag","embeddable":true,"href":"https:\/\/www.elsomniproduccions.com\/es\/wp-json\/wp\/v2\/tags?post=3654"}],"curies":[{"name":"wp","href":"https:\/\/api.w.org\/{rel}","templated":true}]}}