{"id":2557,"date":"2020-01-13T11:25:08","date_gmt":"2020-01-13T09:25:08","guid":{"rendered":"http:\/\/www.elsomniproduccions.com\/2020\/01\/13\/els-condemnats-en-gira\/"},"modified":"2020-01-13T11:37:23","modified_gmt":"2020-01-13T09:37:23","slug":"els-condemnats-en-gira","status":"publish","type":"post","link":"https:\/\/www.elsomniproduccions.com\/es\/2020\/01\/13\/els-condemnats-en-gira\/","title":{"rendered":"Els Condemnats en gira"},"content":{"rendered":"<p>Durante los pr\u00f3ximos meses la obra ELS CONDEMANTS de Baltasar Porcel estar\u00e1 de gira por Mallorca. Pr\u00f3xima cita: 25 de Enero en Llub\u00ed.<\/p>\n<div class=\"reapeater-row row-5\">\n<div><img loading=\"lazy\" decoding=\"async\" class=\"alignnone size-full wp-image-2547\" src=\"http:\/\/www.elsomniproduccions.com\/wp-content\/uploads\/2020\/01\/Captura-de-pantalla-2020-01-13-a-las-10.21.06.png\" alt=\"\" width=\"616\" height=\"868\" srcset=\"https:\/\/www.elsomniproduccions.com\/wp-content\/uploads\/2020\/01\/Captura-de-pantalla-2020-01-13-a-las-10.21.06.png 616w, https:\/\/www.elsomniproduccions.com\/wp-content\/uploads\/2020\/01\/Captura-de-pantalla-2020-01-13-a-las-10.21.06-213x300.png 213w\" sizes=\"auto, (max-width: 616px) 100vw, 616px\" \/><\/div>\n<\/div>\n","protected":false},"excerpt":{"rendered":"<p>Durante los pr\u00f3ximos meses la obra ELS CONDEMANTS de Baltasar Porcel estar\u00e1 de gira por Mallorca. Pr\u00f3xima cita: 25 de Enero en Llub\u00ed.<\/p>\n","protected":false},"author":2,"featured_media":2555,"comment_status":"closed","ping_status":"closed","sticky":false,"template":"","format":"standard","meta":{"_acf_changed":false,"footnotes":""},"categories":[24],"tags":[],"class_list":["post-2557","post","type-post","status-publish","format-standard","has-post-thumbnail","hentry","category-noticias"],"acf":[],"_links":{"self":[{"href":"https:\/\/www.elsomniproduccions.com\/es\/wp-json\/wp\/v2\/posts\/2557","targetHints":{"allow":["GET"]}}],"collection":[{"href":"https:\/\/www.elsomniproduccions.com\/es\/wp-json\/wp\/v2\/posts"}],"about":[{"href":"https:\/\/www.elsomniproduccions.com\/es\/wp-json\/wp\/v2\/types\/post"}],"author":[{"embeddable":true,"href":"https:\/\/www.elsomniproduccions.com\/es\/wp-json\/wp\/v2\/users\/2"}],"replies":[{"embeddable":true,"href":"https:\/\/www.elsomniproduccions.com\/es\/wp-json\/wp\/v2\/comments?post=2557"}],"version-history":[{"count":1,"href":"https:\/\/www.elsomniproduccions.com\/es\/wp-json\/wp\/v2\/posts\/2557\/revisions"}],"predecessor-version":[{"id":2558,"href":"https:\/\/www.elsomniproduccions.com\/es\/wp-json\/wp\/v2\/posts\/2557\/revisions\/2558"}],"wp:featuredmedia":[{"embeddable":true,"href":"https:\/\/www.elsomniproduccions.com\/es\/wp-json\/wp\/v2\/media\/2555"}],"wp:attachment":[{"href":"https:\/\/www.elsomniproduccions.com\/es\/wp-json\/wp\/v2\/media?parent=2557"}],"wp:term":[{"taxonomy":"category","embeddable":true,"href":"https:\/\/www.elsomniproduccions.com\/es\/wp-json\/wp\/v2\/categories?post=2557"},{"taxonomy":"post_tag","embeddable":true,"href":"https:\/\/www.elsomniproduccions.com\/es\/wp-json\/wp\/v2\/tags?post=2557"}],"curies":[{"name":"wp","href":"https:\/\/api.w.org\/{rel}","templated":true}]}}