{"id":2083,"date":"2019-09-23T21:32:52","date_gmt":"2019-09-23T19:32:52","guid":{"rendered":"http:\/\/www.elsomniproduccions.com\/?p=2083"},"modified":"2020-01-13T11:46:21","modified_gmt":"2020-01-13T09:46:21","slug":"teatre-de-butxaca-a-menorca","status":"publish","type":"post","link":"https:\/\/www.elsomniproduccions.com\/es\/2019\/09\/23\/teatre-de-butxaca-a-menorca\/","title":{"rendered":"\u00abTeatre de butxaca\u00bb en Menorca"},"content":{"rendered":"<p>El Teatro de Bolsillo ya ha empezado! y el Sue\u00f1o estar\u00e1 presente con dos fant\u00e1sticas obras que ya han rodado por #Mallorca desde su estreno en la edici\u00f3n de Microteatre para Mentalizar el 2016 y la \u00faltima edici\u00f3n de Microteatre por Balaguer.<\/p>\n<p>\u00abDe arena y agua\u00bb y \u00abLeche elegida\u00bb son las dos obras elegidas para volver a esta magn\u00edfica iniciativa a #Menorca. Ambas son obra y direcci\u00f3n de nuestro querido Bernat Molina-Bosch e interpretadas por Marga L\u00f3pez Luc\u00eda S\u00e1nchez Cervera Alba Flor Salas y Sof\u00eda Mu\u00f1iz Juan<\/p>\n<p>Menorquines disfruta mucho de este #TeatreDeButxaca que cada a\u00f1o se supera !!<\/p>\n<p>Mucha mierda queridos!<\/p>\n<div class=\"text_exposed_show\">\n<p><img loading=\"lazy\" decoding=\"async\" class=\"alignnone size-medium wp-image-1866\" src=\"http:\/\/www.elsomniproduccions.com\/wp-content\/uploads\/2019\/09\/butxaca-menorca1-225x300.jpg\" alt=\"\" width=\"225\" height=\"300\" srcset=\"https:\/\/www.elsomniproduccions.com\/wp-content\/uploads\/2019\/09\/butxaca-menorca1-225x300.jpg 225w, https:\/\/www.elsomniproduccions.com\/wp-content\/uploads\/2019\/09\/butxaca-menorca1.jpg 720w\" sizes=\"auto, (max-width: 225px) 100vw, 225px\" \/> <img loading=\"lazy\" decoding=\"async\" class=\"alignnone size-medium wp-image-1868\" src=\"http:\/\/www.elsomniproduccions.com\/wp-content\/uploads\/2019\/09\/butxaca-menorca2-300x225.jpg\" alt=\"\" width=\"300\" height=\"225\" srcset=\"https:\/\/www.elsomniproduccions.com\/wp-content\/uploads\/2019\/09\/butxaca-menorca2-300x225.jpg 300w, https:\/\/www.elsomniproduccions.com\/wp-content\/uploads\/2019\/09\/butxaca-menorca2.jpg 960w\" sizes=\"auto, (max-width: 300px) 100vw, 300px\" \/><\/p>\n<\/div>\n","protected":false},"excerpt":{"rendered":"<p>El Teatro de Bolsillo ya ha empezado! y el Sue\u00f1o estar\u00e1 presente con dos fant\u00e1sticas obras que ya han rodado por #Mallorca desde su estreno en la edici\u00f3n de Microteatre para Mentalizar el 2016 y la \u00faltima edici\u00f3n de Microteatre por Balaguer. \u00abDe arena y agua\u00bb y \u00abLeche elegida\u00bb son las dos obras elegidas para&#8230;<\/p>\n","protected":false},"author":2,"featured_media":1869,"comment_status":"closed","ping_status":"closed","sticky":false,"template":"","format":"standard","meta":{"_acf_changed":false,"footnotes":""},"categories":[24],"tags":[],"class_list":["post-2083","post","type-post","status-publish","format-standard","has-post-thumbnail","hentry","category-noticias"],"acf":[],"_links":{"self":[{"href":"https:\/\/www.elsomniproduccions.com\/es\/wp-json\/wp\/v2\/posts\/2083","targetHints":{"allow":["GET"]}}],"collection":[{"href":"https:\/\/www.elsomniproduccions.com\/es\/wp-json\/wp\/v2\/posts"}],"about":[{"href":"https:\/\/www.elsomniproduccions.com\/es\/wp-json\/wp\/v2\/types\/post"}],"author":[{"embeddable":true,"href":"https:\/\/www.elsomniproduccions.com\/es\/wp-json\/wp\/v2\/users\/2"}],"replies":[{"embeddable":true,"href":"https:\/\/www.elsomniproduccions.com\/es\/wp-json\/wp\/v2\/comments?post=2083"}],"version-history":[{"count":2,"href":"https:\/\/www.elsomniproduccions.com\/es\/wp-json\/wp\/v2\/posts\/2083\/revisions"}],"predecessor-version":[{"id":2571,"href":"https:\/\/www.elsomniproduccions.com\/es\/wp-json\/wp\/v2\/posts\/2083\/revisions\/2571"}],"wp:featuredmedia":[{"embeddable":true,"href":"https:\/\/www.elsomniproduccions.com\/es\/wp-json\/wp\/v2\/media\/1869"}],"wp:attachment":[{"href":"https:\/\/www.elsomniproduccions.com\/es\/wp-json\/wp\/v2\/media?parent=2083"}],"wp:term":[{"taxonomy":"category","embeddable":true,"href":"https:\/\/www.elsomniproduccions.com\/es\/wp-json\/wp\/v2\/categories?post=2083"},{"taxonomy":"post_tag","embeddable":true,"href":"https:\/\/www.elsomniproduccions.com\/es\/wp-json\/wp\/v2\/tags?post=2083"}],"curies":[{"name":"wp","href":"https:\/\/api.w.org\/{rel}","templated":true}]}}